{"id":9291,"date":"2024-11-15T13:47:48","date_gmt":"2024-11-15T18:47:48","guid":{"rendered":"https:\/\/regdevnet.ca\/?p=9291"},"modified":"2024-11-15T18:10:09","modified_gmt":"2024-11-15T23:10:09","slug":"le-reseau-de-developpement-regional-celebre-ses-cinq-ans","status":"publish","type":"post","link":"https:\/\/regdevnet.ca\/fr\/2024\/11\/15\/le-reseau-de-developpement-regional-celebre-ses-cinq-ans\/","title":{"rendered":"Le R\u00e9seau de d\u00e9veloppement r\u00e9gional c\u00e9l\u00e9bre ses cinq ans"},"content":{"rendered":"\n<p>Le R\u00e9seau de d\u00e9veloppement r\u00e9gional (RDR) c\u00e9l\u00e8bre son cinqui\u00e8me anniversaire. L\u2019organisme \u00e0 but non lucratif a \u00e9t\u00e9 fond\u00e9 le 15 novembre 2019 par un groupe de directeur\u00b7trices ex\u00e9cutif\u00b7ves de neuf organismes r\u00e9gionaux d\u2019expression anglaise du Qu\u00e9bec.&nbsp;&nbsp;&nbsp;<\/p>\n\n\n\n<p>Les organismes fondateurs souhaitaient une meilleure repr\u00e9sentation des besoins des communaut\u00e9s anglophones des r\u00e9gions situ\u00e9es \u00e0 l\u2019ext\u00e9rieur de Montr\u00e9al et de Laval. Le groupe a donc cr\u00e9\u00e9 ce r\u00e9seau dans le but d\u2019am\u00e9liorer le d\u00e9veloppement socio-\u00e9conomique de ces communaut\u00e9s r\u00e9gionales d\u2019expression anglaise dans toute la province.&nbsp;&nbsp;&nbsp;<\/p>\n\n\n\n<p>Le RDR a commenc\u00e9 \u00e0 travailler en collaboration avec les diff\u00e9rents niveaux de gouvernement pour repr\u00e9senter les besoins de ses membres et cr\u00e9er des projets et des partenariats afin d\u2019am\u00e9liorer et de maintenir la vitalit\u00e9 des communaut\u00e9s r\u00e9gionales d\u2019expression anglaise. Au fil des ans, le RDN a continu\u00e9 \u00e0 remplir son mandat tout en augmentant sa capacit\u00e9 \u00e0 servir ses organisations membres, gr\u00e2ce \u00e0 un financement accru pour soutenir de nouvelles initiatives visant \u00e0 r\u00e9pondre aux besoins de ses membres.&nbsp;&nbsp;<\/p>\n\n\n\n<p>\u00ab Depuis sa cr\u00e9ation en 2019, le RDN a \u00e9tabli et renforc\u00e9 sa position, en forgeant des relations cruciales avec ses pairs provinciaux \u00bb, a d\u00e9clar\u00e9 la directrice g\u00e9n\u00e9rale du RDR, Cathy Brown. \u00ab Je suis extr\u00eamement fi\u00e8re des r\u00e9alisations exceptionnelles accomplies au cours de ces cinq derni\u00e8res ann\u00e9es, gr\u00e2ce aux efforts d\u00e9vou\u00e9s du conseil d\u2019administration, de l\u2019\u00e9quipe du RDR et de nos organisations membres \u00e0 travers la province. \u00bb&nbsp;&nbsp;<\/p>\n\n\n\n<h3 class=\"wp-block-heading\">MEMBRES DU RDN&nbsp;&nbsp;<\/h3>\n\n\n\n<p><strong>Membres fondateurs <\/strong>: 4Korners (Laurentides), Council for Anglophone Magdalen Islanders (\u00celes-de-la-Madeleine), Committee for Anglophone Social Action (Gasp\u00e9sie), English Community Organization of Lanaudi\u00e8re (Lanaudi\u00e8re), Megantic English-speaking Community Development Corporation (Chaudi\u00e8re-Appalaches et MRC l\u2019\u00c9rable), Neighbours Regional Association of Rouyn-Noranda (Abitibi-T\u00e9miscamingue), North Shore Community Association (C\u00f4te-Nord), Vision Gasp\u00e9-Perc\u00e9 Now ! (Gasp\u00e9sie), Voice of English-speaking Qu\u00e9bec (Capitale-Nationale)\u00a0\u00a0<\/p>\n\n\n\n<p><strong>Nouveaux membres <\/strong>: Coasters Association (Basse-C\u00f4te-Nord), Heritage Lower Saint Lawrence (Bas-Saint-Laurent), Mont\u00e9r\u00e9gie East Partnership for the English-speaking Community (Mont\u00e9r\u00e9gie-Est), Assistance and Referral Centre (Mont\u00e9r\u00e9gie Centre), Mont\u00e9r\u00e9gie West Community Network (Mont\u00e9r\u00e9gie Ouest), Regional Association of West Quebecers (Outaouais), Connexions Resource Centre (Outaouais), Centre for Access to Services in English (Mauricie et Centre-du-Qu\u00e9bec), Townshippers\u2019 Association (Estrie) et ECO-02 (Saguenay-Lac-Saint-Jean).\u00a0\u00a0\u00a0<\/p>\n\n\n\n<h3 class=\"wp-block-heading\">PRINCIPALES R\u00c9ALISATIONS&nbsp;&nbsp;<\/h3>\n\n\n\n<ul class=\"wp-block-list\">\n<li>Le nombre de membres est pass\u00e9 de neuf \u00e0 dix-neuf organisations et augmentation du personnel, passant d\u2019une personne \u00e0 neuf.\u00a0\u00a0<\/li>\n<\/ul>\n\n\n\n<ul class=\"wp-block-list\">\n<li>D\u00e9veloppement d\u2019un solide r\u00e9seau d\u2019intervenants provinciaux et d\u2019acteurs gouvernementaux dans des secteurs essentiels pour la communaut\u00e9 anglophone \u00e0 l\u2019ext\u00e9rieur de Montr\u00e9al et de Laval.\u00a0\u00a0<\/li>\n<\/ul>\n\n\n\n<ul class=\"wp-block-list\">\n<li>Poursuite de l\u2019initiative de strat\u00e9gie d\u2019emploi visant \u00e0 am\u00e9liorer l\u2019acc\u00e8s aux services d\u2019emploi et aux ressources d\u2019employabilit\u00e9 pour les Qu\u00e9b\u00e9cois d\u2019&rsquo;expression anglaise, en mettant l\u2019accent sur la population des jeunes. Cette initiative implique 12 organisations participantes, actives dans 48 MRC \u00e0 travers la province, et 157 partenariats actifs avec des partenaires en en mati\u00e8re d\u2019employabilit\u00e9.\u00a0\u00a0<\/li>\n<\/ul>\n\n\n\n<ul class=\"wp-block-list\">\n<li>Lancement et d\u00e9veloppement d\u2019une initiative visant \u00e0 accro\u00eetre la participation des Qu\u00e9b\u00e9cois d\u2019expression anglaise \u00e0 l\u2019\u00e9conomie sociale (<a href=\"https:\/\/see-net.ca\/fr\/\" target=\"_blank\" rel=\"noreferrer noopener\">SEEnet<\/a>).\u00a0\u00a0<\/li>\n<\/ul>\n\n\n\n<ul class=\"wp-block-list\">\n<li>Lancement d\u2019autres initiatives et nouveaux projets : le <a href=\"https:\/\/regdevnet.ca\/fr\/qui-nous-sommes-ce-que-nous-faisons\/\">projet vid\u00e9o de Patrimoine canadien<\/a>, une initiative de recherche financ\u00e9e par la Commission des partenaires du march\u00e9 du travail, et un Prix RDR des b\u00e2tisseur\u00b7euses communautaires.\u00a0\u00a0<\/li>\n<\/ul>\n\n\n\n<figure class=\"wp-block-image size-large\"><img fetchpriority=\"high\" decoding=\"async\" width=\"1024\" height=\"768\" src=\"https:\/\/regdevnet.ca\/wp-content\/uploads\/2024\/11\/IMG_0784-1024x768.jpg\" alt=\"\" class=\"wp-image-9285\" srcset=\"https:\/\/regdevnet.ca\/wp-content\/uploads\/2024\/11\/IMG_0784-1024x768.jpg 1024w, https:\/\/regdevnet.ca\/wp-content\/uploads\/2024\/11\/IMG_0784-300x225.jpg 300w, https:\/\/regdevnet.ca\/wp-content\/uploads\/2024\/11\/IMG_0784-1536x1152.jpg 1536w, https:\/\/regdevnet.ca\/wp-content\/uploads\/2024\/11\/IMG_0784-2048x1536.jpg 2048w\" sizes=\"(max-width: 1024px) 100vw, 1024px\" \/><figcaption class=\"wp-element-caption\">13 novembre 2024 <\/figcaption><\/figure>\n\n\n\n<p><\/p>\n","protected":false},"excerpt":{"rendered":"<p>Le R\u00e9seau de d\u00e9veloppement r\u00e9gional (RDR) c\u00e9l\u00e8bre son cinqui\u00e8me anniversaire. L\u2019organisme \u00e0 but non lucratif a \u00e9t\u00e9 fond\u00e9 le 15 novembre 2019 par un groupe de directeur\u00b7trices ex\u00e9cutif\u00b7ves de neuf organismes r\u00e9gionaux d\u2019expression anglaise du Qu\u00e9bec.&nbsp;&nbsp;&nbsp; Les organismes fondateurs souhaitaient une meilleure repr\u00e9sentation des besoins des communaut\u00e9s anglophones des r\u00e9gions situ\u00e9es \u00e0 l\u2019ext\u00e9rieur de Montr\u00e9al <a href=\"https:\/\/regdevnet.ca\/fr\/2024\/11\/15\/le-reseau-de-developpement-regional-celebre-ses-cinq-ans\/\" class=\"more-link\">&#8230;<\/a><\/p>\n","protected":false},"author":5,"featured_media":9283,"comment_status":"closed","ping_status":"closed","sticky":false,"template":"","format":"standard","meta":{"_monsterinsights_skip_tracking":false,"_monsterinsights_sitenote_active":false,"_monsterinsights_sitenote_note":"","_monsterinsights_sitenote_category":0,"footnotes":""},"categories":[11,98],"tags":[184],"class_list":["post-9291","post","type-post","status-publish","format-standard","has-post-thumbnail","hentry","category-non-classifiee","category-nouvelles","tag-developpement-socio-economique"],"_links":{"self":[{"href":"https:\/\/regdevnet.ca\/fr\/wp-json\/wp\/v2\/posts\/9291","targetHints":{"allow":["GET"]}}],"collection":[{"href":"https:\/\/regdevnet.ca\/fr\/wp-json\/wp\/v2\/posts"}],"about":[{"href":"https:\/\/regdevnet.ca\/fr\/wp-json\/wp\/v2\/types\/post"}],"author":[{"embeddable":true,"href":"https:\/\/regdevnet.ca\/fr\/wp-json\/wp\/v2\/users\/5"}],"replies":[{"embeddable":true,"href":"https:\/\/regdevnet.ca\/fr\/wp-json\/wp\/v2\/comments?post=9291"}],"version-history":[{"count":6,"href":"https:\/\/regdevnet.ca\/fr\/wp-json\/wp\/v2\/posts\/9291\/revisions"}],"predecessor-version":[{"id":9305,"href":"https:\/\/regdevnet.ca\/fr\/wp-json\/wp\/v2\/posts\/9291\/revisions\/9305"}],"wp:featuredmedia":[{"embeddable":true,"href":"https:\/\/regdevnet.ca\/fr\/wp-json\/wp\/v2\/media\/9283"}],"wp:attachment":[{"href":"https:\/\/regdevnet.ca\/fr\/wp-json\/wp\/v2\/media?parent=9291"}],"wp:term":[{"taxonomy":"category","embeddable":true,"href":"https:\/\/regdevnet.ca\/fr\/wp-json\/wp\/v2\/categories?post=9291"},{"taxonomy":"post_tag","embeddable":true,"href":"https:\/\/regdevnet.ca\/fr\/wp-json\/wp\/v2\/tags?post=9291"}],"curies":[{"name":"wp","href":"https:\/\/api.w.org\/{rel}","templated":true}]}}